{"id":5964,"date":"2021-09-25T13:07:09","date_gmt":"2021-09-25T12:07:09","guid":{"rendered":"https:\/\/catedraldemallorca.org\/news\/uncategorized\/20th-international-organ-festival-the-concertante-organ\/"},"modified":"2022-03-02T12:43:08","modified_gmt":"2022-03-02T11:43:08","slug":"20th-international-organ-festival-the-concertante-organ","status":"publish","type":"post","link":"https:\/\/catedraldemallorca.org\/en\/news\/20th-international-organ-festival-the-concertante-organ\/","title":{"rendered":"20th International Organ Festival \u2013 The concertante organ"},"content":{"rendered":"<p><em>The 20th International Organ Festival will be held in the Cathedral of Mallorca on 3, 10 and 17 October. This event is part of the celebration of the Feast of the Dedication of the Cathedral.<\/em><\/p>\n<p>The widespread upheaval caused by Covid-19 and the project to restore the Cathedral\u2019s main organ have resulted in changes to the usual format of the concerts. The Cathedral\u2019s main organ will not be heard, but the smaller instrument located in the chancel will take its place, not just as a soloist but also as a concertante instrument, alternating with, conversing with or accompanying other vocal or instrumental groupings.<\/p>\n<p>The concerts will be held in the Cathedral on the first three Sundays in October at 20:00. Entry is free and the capacity will be limited. It will also be streamed on the Cathedral\u2019s website and on its official Facebook and YouTube channels. The programme for the 20th edition is provided below:<\/p>\n<p><strong>3.10.2021 \u2013 Tintinnabuli<\/strong><\/p>\n<p>Bartomeu Mut, organist.<\/p>\n<p>With the collaboration of the choir of the Cathedral of Mallorca and the soloists Mar Campo and Juan Antonio Garc\u00eda Illanas, directed by Ra\u00fal Mart\u00ednez Villanueva. They will perform works by Arvo P\u00e4rt and James Whitbourn. The tintinnabuli language created by P\u00e4rt will form the evening\u2019s central thread.<\/p>\n<p><strong>10.10.2021 \u2013 Narratio<\/strong><\/p>\n<p>Miquel \u00c0ngel Torrens, actor, and Bartomeu Mut, organist.<\/p>\n<p>Seven centuries of music. A combination of words and music to explain the restoration of the Cathedral\u2019s main organ, built in 1484. The teaser for the documentary \u2018La voz de los \u00e1ngeles. El \u00f3rgano de la catedral\u2019 [The voice of the angels: the organ of the Cathedral] will be presented, followed by a colloquium.<\/p>\n<p><strong>17.10.2021 \u2013 Cum Jubilo<\/strong><\/p>\n<p>Rafel Riera, organist. With the collaboration of the A l\u2019Octava male voice choir and the baritone Joan Miquel Mu\u00f1oz, directed by Ricard Terradas. Durufl\u00e9\u2019s Missa Cum Jubilo will be performed as the central element of the concert. Works by Gelabert, Kocs\u00e1r and the organist himself, Rafel Riera, will also be performed. You can watch the concert on the Cathedral&#8217;s website where it will be streamed.<\/p>\n","protected":false},"excerpt":{"rendered":"<p>The 20th International Organ Festival will be held in the Cathedral of Mallorca on 3, 10 and 17 October. This event is part of the celebration of the Feast of the Dedication of the Cathedral. The widespread upheaval caused by Covid-19 and the project to restore the Cathedral\u2019s main organ have resulted in changes to [&hellip;]<\/p>\n","protected":false},"author":2,"featured_media":3282,"comment_status":"closed","ping_status":"closed","sticky":false,"template":"","format":"standard","meta":{"_et_pb_use_builder":"","_et_pb_old_content":"","_et_gb_content_width":"","footnotes":""},"categories":[55],"tags":[],"class_list":["post-5964","post","type-post","status-publish","format-standard","has-post-thumbnail","hentry","category-news"],"_links":{"self":[{"href":"https:\/\/catedraldemallorca.org\/en\/wp-json\/wp\/v2\/posts\/5964","targetHints":{"allow":["GET"]}}],"collection":[{"href":"https:\/\/catedraldemallorca.org\/en\/wp-json\/wp\/v2\/posts"}],"about":[{"href":"https:\/\/catedraldemallorca.org\/en\/wp-json\/wp\/v2\/types\/post"}],"author":[{"embeddable":true,"href":"https:\/\/catedraldemallorca.org\/en\/wp-json\/wp\/v2\/users\/2"}],"replies":[{"embeddable":true,"href":"https:\/\/catedraldemallorca.org\/en\/wp-json\/wp\/v2\/comments?post=5964"}],"version-history":[{"count":2,"href":"https:\/\/catedraldemallorca.org\/en\/wp-json\/wp\/v2\/posts\/5964\/revisions"}],"predecessor-version":[{"id":6407,"href":"https:\/\/catedraldemallorca.org\/en\/wp-json\/wp\/v2\/posts\/5964\/revisions\/6407"}],"wp:featuredmedia":[{"embeddable":true,"href":"https:\/\/catedraldemallorca.org\/en\/wp-json\/wp\/v2\/media\/3282"}],"wp:attachment":[{"href":"https:\/\/catedraldemallorca.org\/en\/wp-json\/wp\/v2\/media?parent=5964"}],"wp:term":[{"taxonomy":"category","embeddable":true,"href":"https:\/\/catedraldemallorca.org\/en\/wp-json\/wp\/v2\/categories?post=5964"},{"taxonomy":"post_tag","embeddable":true,"href":"https:\/\/catedraldemallorca.org\/en\/wp-json\/wp\/v2\/tags?post=5964"}],"curies":[{"name":"wp","href":"https:\/\/api.w.org\/{rel}","templated":true}]}}